{"id":3951,"date":"2024-02-09T10:29:22","date_gmt":"2024-02-09T10:29:22","guid":{"rendered":"https:\/\/finalwakeupcall.info\/fr\/?p=3951"},"modified":"2024-02-09T10:29:22","modified_gmt":"2024-02-09T10:29:22","slug":"la-christianisation-par-le-genocide","status":"publish","type":"post","link":"https:\/\/finalwakeupcall.info\/fr\/2024\/02\/09\/la-christianisation-par-le-genocide\/","title":{"rendered":"La Christianisation par le G\u00e9nocide \u00a0"},"content":{"rendered":"<p>\u00c9pisode 7\/7<\/p>\n<p style=\"padding-left: 40px;\">Le terme jud\u00e9o-chr\u00e9tien est utilis\u00e9 pour confondre le christianisme et le juda\u00efsme, soit en r\u00e9f\u00e9rence au fait que le christianisme est d\u00e9riv\u00e9 du juda\u00efsme, soit au fait que le christianisme reconna\u00eet les \u00e9crits juifs comme l&#8217;Ancien Testament de la Bible chr\u00e9tienne, sur la base de faits que les deux religions sont cens\u00e9es partager.<\/p>\n<p>&nbsp;<\/p>\n<p><strong>Diviser pour R\u00e9gner\u00a0<\/strong><\/p>\n<p>Lorsque\u00a0<a href=\"https:\/\/celostnivzdelavani.cz\/christanizace-a-genocida-lidstva\">le christianisme est arriv\u00e9 dans les pays slaves<\/a>, il s&#8217;agissait <img loading=\"lazy\" decoding=\"async\" class=\"alignleft size-full wp-image-3945\" src=\"https:\/\/finalwakeupcall.info\/fr\/wp-content\/uploads\/sites\/5\/2024\/02\/Divide-and-Conquer.png\" alt=\"\" width=\"210\" height=\"159\" \/>d&#8217;une id\u00e9ologie tr\u00e8s diff\u00e9rente de celle pr\u00each\u00e9e par le Christ. Les forces obscures qui contr\u00f4laient le monde mat\u00e9riel ont progressivement corrompu, d\u00e9form\u00e9 et annex\u00e9 ses enseignements, comme elles l&#8217;ont fait avec toutes les autres religions du monde, et dans le message de coexistence aimante et compatissante, les Forces obscures chtoniennes ont plant\u00e9 les graines de l&#8217;avidit\u00e9, de l&#8217;\u00e9go\u00efsme, de la division mutuelle, de la grande in\u00e9galit\u00e9 sociale et des luttes de pouvoir sans fin.<\/p>\n<p>&nbsp;<\/p>\n<p>Le jud\u00e9o-christianisme et le pseudo-christianisme de l&#8217;\u00c9glise catholique, par le biais d&#8217;une christianisation violente dans le monde entier, ont tu\u00e9 des millions de pa\u00efens \u00e0 l&#8217;esprit spirituel qui ch\u00e9rissaient les vrais id\u00e9aux chr\u00e9tiens, contrairement \u00e0 leurs &#8220;ma\u00eetres spirituels chr\u00e9tiens&#8221;.<\/p>\n<p>&nbsp;<\/p>\n<p>On leur a donn\u00e9 le choix :<\/p>\n<p>&nbsp;<\/p>\n<ul>\n<li>&#8211; soit ils abandonnaient leur foi ancestrale,<\/li>\n<li>&#8211; soit ils mettaient leur t\u00eate sur le billot et donnaient tous leurs biens \u00e0 l&#8217;\u00c9glise.<\/li>\n<\/ul>\n<p>&nbsp;<\/p>\n<p>Ainsi, apr\u00e8s l&#8217;ex\u00e9cution de la peine de mort, tous les biens \u00e9taient confisqu\u00e9s au profit de l&#8217;\u00c9glise. La pratique de &#8220;coutumes pa\u00efennes&#8221;, comme la visite de bosquets sacr\u00e9s, \u00e9tait coup\u00e9e et br\u00fbl\u00e9e partout sur l&#8217;insistance des missionnaires.<\/p>\n<p>&nbsp;<\/p>\n<p>De cette mani\u00e8re, l&#8217;\u00c9glise a progressivement r\u00e9pandu\u00a0<em>la peur<\/em>, accru son influence politique et amass\u00e9 d&#8217;\u00e9normes richesses. Elle a d\u00e9truit, tu\u00e9 et br\u00fbl\u00e9 les cr\u00e9atures les plus pures, car elles \u00e9taient ses v\u00e9ritables adversaires.<\/p>\n<p>&nbsp;<\/p>\n<p>Au contraire, les &#8220;serviteurs&#8221; mandat\u00e9s de l&#8217;\u00c9glise recherchaient secr\u00e8tement des personnes perverties et servilement ob\u00e9issantes, afin qu&#8217;elles partagent la m\u00eame philosophie de vie &#8211; &#8220;la fin justifie les moyens&#8221;.<\/p>\n<p>&nbsp;<\/p>\n<p>Il convient de mentionner que ceux qui continuent d&#8217;associer leur vie spirituelle \u00e0 l&#8217;id\u00e9ologie jud\u00e9o-chr\u00e9tienne et d&#8217;\u00e9couter la propagande cach\u00e9e des forces obscures, malgr\u00e9 tout ce que dit l&#8217;\u00c9glise catholique \u00e0 ce sujet, se minent eux-m\u00eames avec un \u00e9norme fardeau karmique que l&#8217;\u00c9glise catholique a accumul\u00e9 au cours des si\u00e8cles.\u00a0Dans leur ignorance, ils s&#8217;associent au mal cach\u00e9, qu&#8217;il s&#8217;agisse du &#8220;clerg\u00e9&#8221; pratiquant ou des &#8220;simples croyants&#8221;.<\/p>\n<p>&nbsp;<\/p>\n<p><img loading=\"lazy\" decoding=\"async\" class=\"size-medium wp-image-3946 alignright\" src=\"https:\/\/finalwakeupcall.info\/fr\/wp-content\/uploads\/sites\/5\/2024\/02\/cosmic-parasite-300x169.jpg\" alt=\"\" width=\"300\" height=\"169\" srcset=\"https:\/\/finalwakeupcall.info\/fr\/wp-content\/uploads\/sites\/5\/2024\/02\/cosmic-parasite-300x169.jpg 300w, https:\/\/finalwakeupcall.info\/fr\/wp-content\/uploads\/sites\/5\/2024\/02\/cosmic-parasite-1024x576.jpg 1024w, https:\/\/finalwakeupcall.info\/fr\/wp-content\/uploads\/sites\/5\/2024\/02\/cosmic-parasite-768x432.jpg 768w, https:\/\/finalwakeupcall.info\/fr\/wp-content\/uploads\/sites\/5\/2024\/02\/cosmic-parasite-945x532.jpg 945w, https:\/\/finalwakeupcall.info\/fr\/wp-content\/uploads\/sites\/5\/2024\/02\/cosmic-parasite-600x338.jpg 600w, https:\/\/finalwakeupcall.info\/fr\/wp-content\/uploads\/sites\/5\/2024\/02\/cosmic-parasite.jpg 1280w\" sizes=\"auto, (max-width: 300px) 100vw, 300px\" \/>Le parasite cosmique a lentement d\u00e9truit la camaraderie de la Culture v\u00e9dique \u00e0 l&#8217;aide de catastrophes provoqu\u00e9es par l&#8217;homme et de tra\u00eetres ren\u00e9gats, infiltrant progressivement la soci\u00e9t\u00e9 enti\u00e8re avec des croyances &#8220;parasitaires&#8221; et des programmes de contr\u00f4le introduits par les soi-disant religions.<\/p>\n<p>&nbsp;<\/p>\n<p>C&#8217;est ainsi qu&#8217;a \u00e9t\u00e9 introduite la philosophie destructrice de :<\/p>\n<p>&nbsp;<\/p>\n<p style=\"padding-left: 40px;\">&#8220;Diviser pour mieux R\u00e9gner&#8221;<\/p>\n<p>&nbsp;<\/p>\n<p>Sous la mise en \u0153uvre de familles dirigeantes monarchiques sur Terre, qui sont devenues les diffuseurs de ces int\u00e9r\u00eats pour contribuer \u00e0 la d\u00e9sint\u00e9gration de la soci\u00e9t\u00e9 v\u00e9dique \u00e0 l&#8217;origine unie, \u00e9thique et spirituellement tr\u00e8s d\u00e9velopp\u00e9e.<\/p>\n<p>&nbsp;<\/p>\n<p>Dans un premier temps, ces forces ont cibl\u00e9 le centre de l&#8217;Europe afin d&#8217;\u00e9tablir une base pour leur future expansion subversive. Dans le cadre d&#8217;une strat\u00e9gie pr\u00e9con\u00e7ue, un empire a \u00e9t\u00e9 fond\u00e9 et une Famille luxembourgeoise a \u00e9t\u00e9 &#8220;install\u00e9e&#8221; \u00e0 la t\u00eate de cette entit\u00e9.<\/p>\n<p>&nbsp;<\/p>\n<p>Charles IV devient empereur du Saint Empire Romain Germanique en 1355. Cependant, cet \u00e9v\u00e9nement historique a \u00e9t\u00e9 pr\u00e9c\u00e9d\u00e9 de nombreux \u00e9v\u00e9nements sur lesquels l&#8217;histoire officielle est d\u00e9lib\u00e9r\u00e9ment muette.<\/p>\n<p>&nbsp;<\/p>\n<p><img loading=\"lazy\" decoding=\"async\" class=\"alignleft size-medium wp-image-3947\" src=\"https:\/\/finalwakeupcall.info\/fr\/wp-content\/uploads\/sites\/5\/2024\/02\/apocalyptic-catastrophe-300x205.png\" alt=\"\" width=\"300\" height=\"205\" srcset=\"https:\/\/finalwakeupcall.info\/fr\/wp-content\/uploads\/sites\/5\/2024\/02\/apocalyptic-catastrophe-300x205.png 300w, https:\/\/finalwakeupcall.info\/fr\/wp-content\/uploads\/sites\/5\/2024\/02\/apocalyptic-catastrophe.png 376w\" sizes=\"auto, (max-width: 300px) 100vw, 300px\" \/>\u00c0 l&#8217;appui de ce plan, une catastrophe apocalyptique a eu lieu en 1342, \u00e0 savoir le Grand D\u00e9luge. Tout porte \u00e0 croire que ce d\u00e9luge a \u00e9t\u00e9 provoqu\u00e9 par un parasite cosmique utilisant une technologie avanc\u00e9e.<\/p>\n<p>&nbsp;<\/p>\n<p>Son but \u00e9tait d&#8217;utiliser les \u00e9l\u00e9ments, afin d&#8217;affaiblir la coh\u00e9sion de l&#8217;\u00e9tat originel, au profit d&#8217;une premi\u00e8re phase qui \u00e9tait la conqu\u00eate de l&#8217;Europe centrale.<\/p>\n<p>&nbsp;<\/p>\n<p>Cette zone \u00e9tait plus facile \u00e0 occuper gr\u00e2ce \u00e0 cette &#8220;catastrophe naturelle&#8221;. Lorsque cette p\u00e9riode est correctement analys\u00e9e, elle traverse des fourr\u00e9s opaques de manipulations tr\u00e8s sophistiqu\u00e9es et coh\u00e9rentes de notre histoire r\u00e9elle.<\/p>\n<p>&nbsp;<\/p>\n<p><strong>La v\u00e9rit\u00e9 sur Cyrille et M\u00e9thode<\/strong><\/p>\n<p>Les saints Cyrille n\u00e9 Constantin, 826-869 et M\u00e9thode 815-885 \u00e9taient des fr\u00e8res,\u00a0<a href=\"https:\/\/celostnivzdelavani.cz\/christanizace-a-genocida-lidstva\">connus comme les &#8220;Ap\u00f4tres des Slaves&#8221;<\/a>.<\/p>\n<p>&nbsp;<\/p>\n<p>Il est n\u00e9cessaire de d\u00e9truire le mythe fabriqu\u00e9 de Cyrille et M\u00e9thode, on dit qu&#8217;ils nous ont apport\u00e9 la langue \u00e9crite. Mais c&#8217;est exactement le contraire de ce que l&#8217;histoire manipul\u00e9e nous raconte. Ils n&#8217;ont pas cr\u00e9\u00e9 d&#8217;alphabet pour nous, mais ont malheureusement d\u00e9grad\u00e9 le syst\u00e8me alphab\u00e9tique plus parfait utilis\u00e9 avant leur arriv\u00e9e.<\/p>\n<p>&nbsp;<\/p>\n<p><img loading=\"lazy\" decoding=\"async\" class=\"size-medium wp-image-3948 alignright\" src=\"https:\/\/finalwakeupcall.info\/fr\/wp-content\/uploads\/sites\/5\/2024\/02\/Old-Slavic-Buccaneer-script-had-49-characters--300x214.png\" alt=\"\" width=\"300\" height=\"214\" srcset=\"https:\/\/finalwakeupcall.info\/fr\/wp-content\/uploads\/sites\/5\/2024\/02\/Old-Slavic-Buccaneer-script-had-49-characters--300x214.png 300w, https:\/\/finalwakeupcall.info\/fr\/wp-content\/uploads\/sites\/5\/2024\/02\/Old-Slavic-Buccaneer-script-had-49-characters--768x547.png 768w, https:\/\/finalwakeupcall.info\/fr\/wp-content\/uploads\/sites\/5\/2024\/02\/Old-Slavic-Buccaneer-script-had-49-characters--600x428.png 600w, https:\/\/finalwakeupcall.info\/fr\/wp-content\/uploads\/sites\/5\/2024\/02\/Old-Slavic-Buccaneer-script-had-49-characters-.png 922w\" sizes=\"auto, (max-width: 300px) 100vw, 300px\" \/>L&#8217;ancien Alphabet Slave des Boucaniers comptait 49 caract\u00e8res et d\u00e9crivait non seulement l&#8217;essence linguistique d&#8217;une expression, mais aussi sa composante figurative.<\/p>\n<p>&nbsp;<\/p>\n<p>En outre, ces caract\u00e8res individuels r\u00e9sonnaient avec des vibrations de fr\u00e9quence et des sons qui activaient particuli\u00e8rement les deux derniers chakras du syst\u00e8me des 9 chakras, qui sont importants pour la connexion avec notre Esprit et le d\u00e9veloppement d&#8217;une conscience sup\u00e9rieure.<\/p>\n<p>&nbsp;<\/p>\n<p>Les mots de cette langue \u00e9voquaient litt\u00e9ralement des images dans l&#8217;esprit avec les sons harmonisants qui en r\u00e9sultaient et avaient \u00e9galement un effet positif sur la sant\u00e9.<\/p>\n<p>&nbsp;<\/p>\n<p>Cyrille et M\u00e9thode ont \u00e9t\u00e9 les premiers \u00e0 commencer \u00e0 effacer syst\u00e9matiquement notre \u00e9criture originale. Ils ont notamment \u00e9limin\u00e9 tous les signes qui ne pouvaient pas \u00eatre prononc\u00e9s mais qui avaient la capacit\u00e9 de s&#8217;accorder avec les bonnes fr\u00e9quences sup\u00e9rieures. Aujourd&#8217;hui, m\u00eame les &#8220;linguistes officiels&#8221; admettent que notre langue d&#8217;origine \u00e9tait bien meilleure que celle qui nous a \u00e9t\u00e9 impos\u00e9e par les oracles.<\/p>\n<p>&nbsp;<\/p>\n<p>Au d\u00e9but, ils ont confondu l&#8217;ancienne foi indig\u00e8ne avec une religion \u00e9trang\u00e8re, \u00e0 savoir la foi jud\u00e9o-chr\u00e9tienne. Les pr\u00e9dicateurs &#8211; les missionnaires &#8211; ont forc\u00e9 les Slaves \u00e0 renoncer \u00e0 leurs dieux indig\u00e8nes en faveur d&#8217;un Dieu \u00e9tranger.<\/p>\n<p>&nbsp;<\/p>\n<p>Ils ont simplifi\u00e9 l&#8217;ancienne Bukovica au point de la rendre m\u00e9connaissable. Ils ont supprim\u00e9 les lettres les plus importantes, porteuses d&#8217;une haute spiritualit\u00e9, d&#8217;une imagerie, d&#8217;un pouvoir d&#8217;expression et d&#8217;un moyen puissant de relier les gens \u00e0 une conscience sup\u00e9rieure.<\/p>\n<p>&nbsp;<\/p>\n<p>Tout cela a \u00e9t\u00e9 fait sous le &#8220;noble&#8221; pr\u00e9texte de d\u00e9velopper et de &#8220;perfectionner&#8221; la parole. Cela a eu le m\u00eame effet que de traiter les maux de t\u00eate par lobotomie. Cela a priv\u00e9 les enfants de la Grande Race de la capacit\u00e9 de penser de mani\u00e8re figurative et cr\u00e9ative et de se connecter \u00e0 leur divinit\u00e9 naturelle.<\/p>\n<p>&nbsp;<\/p>\n<div id=\"attachment_3949\" style=\"width: 310px\" class=\"wp-caption alignleft\"><img loading=\"lazy\" decoding=\"async\" aria-describedby=\"caption-attachment-3949\" class=\"size-medium wp-image-3949\" src=\"https:\/\/finalwakeupcall.info\/fr\/wp-content\/uploads\/sites\/5\/2024\/02\/Swastika-300x225.jpg\" alt=\"\" width=\"300\" height=\"225\" srcset=\"https:\/\/finalwakeupcall.info\/fr\/wp-content\/uploads\/sites\/5\/2024\/02\/Swastika-300x225.jpg 300w, https:\/\/finalwakeupcall.info\/fr\/wp-content\/uploads\/sites\/5\/2024\/02\/Swastika-600x450.jpg 600w, https:\/\/finalwakeupcall.info\/fr\/wp-content\/uploads\/sites\/5\/2024\/02\/Swastika.jpg 612w\" sizes=\"auto, (max-width: 300px) 100vw, 300px\" \/><p id=\"caption-attachment-3949\" class=\"wp-caption-text\">Swastika<\/p><\/div>\n<p>Le fondement du Slavisme n&#8217;est pas le principe de la trinit\u00e9, comme chez les Chr\u00e9tiens, mais le principe de la Svastika : Corps, Ame, Esprit et Conscience, repr\u00e9sent\u00e9s comme une unit\u00e9 harmonieuse par le symbole de la Svastika.<\/p>\n<p>&nbsp;<\/p>\n<p>Ce symbole a lui aussi \u00e9t\u00e9 arrach\u00e9 aux Slaves et rendu m\u00e9connaissable sous la forme de la croix gamm\u00e9e utilis\u00e9e par les nazis.<\/p>\n<p>&nbsp;<\/p>\n<p>De nombreux parents slaves ont \u00e9t\u00e9 assassin\u00e9s et les enfants survivants ont re\u00e7u une nouvelle foi, celle de la nation d&#8217;Isra\u00ebl, qui leur a \u00e9t\u00e9 inculqu\u00e9e. La v\u00e9n\u00e9ration de nos grands anc\u00eatres slaves est devenue un crime grave et a \u00e9t\u00e9 remplac\u00e9e par la prosternation devant les idoles d&#8217;Isra\u00ebl, qui est devenue la grande vertu.<\/p>\n<p>&nbsp;<\/p>\n<p>Pour maximiser l&#8217;ignorance et l&#8217;oubli des gens, le Blanc est devenu Noir et le noir a \u00e9t\u00e9 appel\u00e9 blanc. De m\u00eame, les Forces Obscures ont progressivement d\u00e9truit, br\u00fbl\u00e9 ou cach\u00e9 dans la clandestinit\u00e9 toutes les sources profond\u00e9ment enracin\u00e9es de la v\u00e9ritable information et de la connaissance sacr\u00e9e sup\u00e9rieure.<\/p>\n<p>&nbsp;<\/p>\n<p>Ces connaissances ont surv\u00e9cu \u00e0 la Biblioth\u00e8que Sum\u00e9rienne de Babylone, \u00e0 la Biblioth\u00e8que d&#8217;Alexandrie en \u00c9gypte, aux pr\u00e9cieux papyrus de Memphis, la Biblioth\u00e8que \u00c9trusque de Rome, le temple d&#8217;Ath\u00e8nes, les vastes biblioth\u00e8ques de Yaroslavls le Sage et d&#8217;Ivan le Terrible.<\/p>\n<p>&nbsp;<\/p>\n<p>Ils ont d\u00e9truit, br\u00fbl\u00e9, cach\u00e9 tout ce qui pouvait rappeler l&#8217;histoire glorieuse des Slaves et leur patrimoine. Ils ont r\u00e9ussi \u00e0 introduire la propagande de l&#8217;absence d&#8217;\u00e2me et \u00e0 d\u00e9grader la Race Blanche en m\u00e9langeant son sang avec celui d&#8217;autres races, ce qui \u00e9tait s\u00e9v\u00e8rement interdit selon les croyances des Slaves.<\/p>\n<p>&nbsp;<\/p>\n<p>De m\u00eame, les forces obscures de l&#8217;ex-Union sovi\u00e9tique et des \u00c9tats-Unis \u00e9taient contr\u00f4l\u00e9es et dirig\u00e9es par la m\u00eame puissance parasitaire. En Territoire slave, les Mariages Mixtes ont \u00e9t\u00e9 encourag\u00e9s dans le but de d\u00e9cimer la population slave, ce qui est \u00e9galement le cas aujourd&#8217;hui au sein de l&#8217;Union Europ\u00e9enne.<\/p>\n<p>&nbsp;<\/p>\n<p>Il est clair qu&#8217;au plus haut niveau, les figures de la cabale sont toutes au service d&#8217;un m\u00eame agenda et d&#8217;un m\u00eame pouvoir.<\/p>\n<p>&nbsp;<\/p>\n<p>Heureusement, les graines de la raison sem\u00e9es dans l&#8217;Eau Blanche n&#8217;ont pas toutes \u00e9t\u00e9 perdues. Les Slaves n&#8217;ont pas \u00e9t\u00e9 \u00e9radiqu\u00e9s et absorb\u00e9s dans la masse grise du Christianisme, ni dans la masse rouge du communisme de l&#8217;URSS, ni m\u00eame dans la sauce informe du &#8220;capitalisme de march\u00e9&#8221; occidental.<\/p>\n<p>&nbsp;<\/p>\n<p>Les V\u00e9das ont pr\u00e9serv\u00e9 pour nous l&#8217;ancienne doctrine du RACISME. Cet enseignement parle du devoir de chaque RAS humain de pr\u00e9server l&#8217;h\u00e9ritage de ses anc\u00eatres. Il nous dit qu&#8217;il est inadmissible d&#8217;imposer les enseignements ancestraux d&#8217;une race \u00e0 une autre.<\/p>\n<p>&nbsp;<\/p>\n<p><img loading=\"lazy\" decoding=\"async\" class=\"size-full wp-image-3950 alignright\" src=\"https:\/\/finalwakeupcall.info\/fr\/wp-content\/uploads\/sites\/5\/2024\/02\/Cosmic-Knowledge.jpg\" alt=\"\" width=\"300\" height=\"249\" \/>Imposer la vision du monde d&#8217;une race humaine \u00e0 une autre, c&#8217;est entraver leur d\u00e9veloppement \u00e9volutif naturel, ce qui est une grande offense du point de vue de la Connaissance Cosmique, et de telles perturbations sont accompagn\u00e9es d&#8217;une s\u00e9v\u00e8re punition karmique.<\/p>\n<p>&nbsp;<\/p>\n<p>Le karma est une chose si grave que m\u00eame les d\u00e9mons le craignent. C&#8217;est par l&#8217;ignorance de l&#8217;homme que le mal est souvent fait, et c&#8217;est l&#8217;ignorance qui est le p\u00e9ch\u00e9 le plus grave selon les V\u00e9das, car elle est la cause de toutes les autres mauvaises d\u00e9cisions.<\/p>\n<p>&nbsp;<\/p>\n<p>La bonne nouvelle, c&#8217;est que le karma collectif de l&#8217;humanit\u00e9 a d\u00e9j\u00e0 \u00e9t\u00e9 accompli et que les connaissances anciennes nous reviennent aujourd&#8217;hui.<\/p>\n<p>&nbsp;<\/p>\n<p style=\"padding-left: 40px;\">Pour mieux comprendre comment l&#8217;humanit\u00e9, par sa n\u00e9gligence et sa fausse foi, s&#8217;est retrouv\u00e9e dans la situation dans laquelle nous vivons aujourd&#8217;hui, cette s\u00e9rie de sept \u00e9pisodes, bas\u00e9e sur des faits historiques anciens, vaut la peine d&#8217;\u00eatre m\u00e9dit\u00e9e et relue.<\/p>\n<p>&nbsp;<\/p>\n","protected":false},"excerpt":{"rendered":"<p>\u00c9pisode 7\/7 Le terme jud\u00e9o-chr\u00e9tien est utilis\u00e9 pour confondre le christianisme et le juda\u00efsme, soit en r\u00e9f\u00e9rence au fait que le christianisme est d\u00e9riv\u00e9 du juda\u00efsme, soit au fait que le christianisme reconna\u00eet les \u00e9crits juifs comme l&#8217;Ancien Testament de&#8230; <a class=\"more-link\" href=\"https:\/\/finalwakeupcall.info\/fr\/2024\/02\/09\/la-christianisation-par-le-genocide\/\">Continue Reading &rarr;<\/a><\/p>\n","protected":false},"author":1,"featured_media":0,"comment_status":"open","ping_status":"open","sticky":false,"template":"","format":"standard","meta":{"footnotes":""},"categories":[1],"tags":[],"class_list":["post-3951","post","type-post","status-publish","format-standard","hentry","category-uncategorized"],"_links":{"self":[{"href":"https:\/\/finalwakeupcall.info\/fr\/wp-json\/wp\/v2\/posts\/3951","targetHints":{"allow":["GET"]}}],"collection":[{"href":"https:\/\/finalwakeupcall.info\/fr\/wp-json\/wp\/v2\/posts"}],"about":[{"href":"https:\/\/finalwakeupcall.info\/fr\/wp-json\/wp\/v2\/types\/post"}],"author":[{"embeddable":true,"href":"https:\/\/finalwakeupcall.info\/fr\/wp-json\/wp\/v2\/users\/1"}],"replies":[{"embeddable":true,"href":"https:\/\/finalwakeupcall.info\/fr\/wp-json\/wp\/v2\/comments?post=3951"}],"version-history":[{"count":1,"href":"https:\/\/finalwakeupcall.info\/fr\/wp-json\/wp\/v2\/posts\/3951\/revisions"}],"predecessor-version":[{"id":3952,"href":"https:\/\/finalwakeupcall.info\/fr\/wp-json\/wp\/v2\/posts\/3951\/revisions\/3952"}],"wp:attachment":[{"href":"https:\/\/finalwakeupcall.info\/fr\/wp-json\/wp\/v2\/media?parent=3951"}],"wp:term":[{"taxonomy":"category","embeddable":true,"href":"https:\/\/finalwakeupcall.info\/fr\/wp-json\/wp\/v2\/categories?post=3951"},{"taxonomy":"post_tag","embeddable":true,"href":"https:\/\/finalwakeupcall.info\/fr\/wp-json\/wp\/v2\/tags?post=3951"}],"curies":[{"name":"wp","href":"https:\/\/api.w.org\/{rel}","templated":true}]}}